{"id":501,"date":"2016-03-15T12:02:00","date_gmt":"2016-03-15T12:02:00","guid":{"rendered":"http:\/\/retns.ie\/principalsblog\/?p=501"},"modified":"2016-03-15T12:05:41","modified_gmt":"2016-03-15T12:05:41","slug":"proclamation-day-in-retns","status":"publish","type":"post","link":"https:\/\/retns.ie\/principalsblog\/2016\/03\/15\/proclamation-day-in-retns\/","title":{"rendered":"Proclamation Day in RETNS"},"content":{"rendered":"<p>In conjunction with schools throughout Ireland we held our Proclamation Day and Flag Raising on March 15<sup>th<\/sup>. Our ceremony was a simple, student-led ceremony, during which the infants carried out flags of all the countries represented in our school community and fourth class students dressed as Irish people would have looked\u00a0a century ago. Our National Flag was carried out by Michelle, Chairperson of the Student Council, and Carol, the first employee of our school.<\/p>\n<p>Saoirse and Hannah opened the ceremony with a welcome and gave a brief introduction and explanation of why we were gathered:<\/p>\n<p>F\u00e1ilte roimh go dti Rath Fearnain ag Foghlaim le Ch\u00e9ile ar an oc\u00e1id speisialta seo. T\u00e1imid anseo inniu chun \u00e1r mbratach naisi\u00fanta a ard\u00fa agus cuimhneach\u00e1n a dh\u00e9anamh ar Seactain na Casca c\u00e9ad bliain \u00f3 shin. Freisin t\u00e1imid ag smaoineamh ar an f\u00eds at\u00e1 ag na p\u00e1isti sa scoil seo don t\u00edr.<\/p>\n<p><em>Today, March 15<sup>th<\/sup>, 2016, along with the rest of the country we are raising our National Flag, given to us by members of the National Defence Forces in November 2015. We will also share the visions of the students of RETNS for the future of Ireland.<\/em><\/p>\n<p>To begin, Holly from sixth class read a section of the original proclamation read by Padraig Pearse 100 years ago. The particular section was chosen by the students because it represents the ethos of our school.<\/p>\n<p>Maryam, Jarvis, Calum, Megan, Ellen and Sorcha from sixth class then read our school proclamation <strong>RETNS Proclamation for a New Generation<\/strong> that contains our hopes for the future of Ireland.<\/p>\n<p>Saoirse and Hannah continued the ceremony by announcing that Carol, who was the first employee of the school, and Michelle, chairperson of the student council, would raise our National Flag, helped by caretaker Dennis. The children stood and faced the flag as it was raised.<\/p>\n<p>We continued by singing <em>Amhr\u00e1n na bhFiann<\/em> agus <em>C\u00faig Bliain is Fiche ag F\u00e1s<\/em>, the song celebrating our 25<sup>th<\/sup> anniversary.<\/p>\n<p>Saoirse and Hannah concluded the ceremony by thanking everyone in Irish and wishing our school another successful and happy 25 years.<a href=\"http:\/\/retns.ie\/principalsblog\/wp-content\/uploads\/sites\/8\/2016\/03\/20160315_111522.jpg\" rel=\"attachment wp-att-502\"><img loading=\"lazy\" decoding=\"async\" class=\"wp-image-502 alignleft\" src=\"http:\/\/retns.ie\/principalsblog\/wp-content\/uploads\/sites\/8\/2016\/03\/20160315_111522-180x300.jpg\" alt=\"20160315_111522\" width=\"178\" height=\"297\" srcset=\"https:\/\/retns.ie\/principalsblog\/wp-content\/uploads\/sites\/8\/2016\/03\/20160315_111522-180x300.jpg 180w, https:\/\/retns.ie\/principalsblog\/wp-content\/uploads\/sites\/8\/2016\/03\/20160315_111522.jpg 480w\" sizes=\"(max-width: 178px) 100vw, 178px\" \/><\/a><\/p>\n<p>&nbsp;<\/p>\n<p><a href=\"http:\/\/retns.ie\/principalsblog\/wp-content\/uploads\/sites\/8\/2016\/03\/20160315_111845.jpg\" rel=\"attachment wp-att-507\"><img loading=\"lazy\" decoding=\"async\" class=\"alignnone size-medium wp-image-507\" src=\"http:\/\/retns.ie\/principalsblog\/wp-content\/uploads\/sites\/8\/2016\/03\/20160315_111845-180x300.jpg\" alt=\"20160315_111845\" width=\"180\" height=\"300\" \/><\/a><a href=\"http:\/\/retns.ie\/principalsblog\/wp-content\/uploads\/sites\/8\/2016\/03\/20160315_111851.jpg\" rel=\"attachment wp-att-503\"><img loading=\"lazy\" decoding=\"async\" class=\"size-medium wp-image-503 alignright\" src=\"http:\/\/retns.ie\/principalsblog\/wp-content\/uploads\/sites\/8\/2016\/03\/20160315_111851-180x300.jpg\" alt=\"20160315_111851\" width=\"180\" height=\"300\" \/><\/a>\u00a0<a href=\"http:\/\/retns.ie\/principalsblog\/wp-content\/uploads\/sites\/8\/2016\/03\/20160315_112415.jpg\" rel=\"attachment wp-att-504\"><img loading=\"lazy\" decoding=\"async\" class=\"size-medium wp-image-504 alignnone\" src=\"http:\/\/retns.ie\/principalsblog\/wp-content\/uploads\/sites\/8\/2016\/03\/20160315_112415-180x300.jpg\" alt=\"20160315_112415\" width=\"180\" height=\"300\" srcset=\"https:\/\/retns.ie\/principalsblog\/wp-content\/uploads\/sites\/8\/2016\/03\/20160315_112415-180x300.jpg 180w, https:\/\/retns.ie\/principalsblog\/wp-content\/uploads\/sites\/8\/2016\/03\/20160315_112415.jpg 480w\" sizes=\"(max-width: 180px) 100vw, 180px\" \/><\/a>\u00a0\u00a0<a href=\"http:\/\/retns.ie\/principalsblog\/wp-content\/uploads\/sites\/8\/2016\/03\/20160315_112405.jpg\" rel=\"attachment wp-att-505\"><img loading=\"lazy\" decoding=\"async\" class=\"alignnone size-medium wp-image-505\" src=\"http:\/\/retns.ie\/principalsblog\/wp-content\/uploads\/sites\/8\/2016\/03\/20160315_112405-180x300.jpg\" alt=\"20160315_112405\" width=\"180\" height=\"300\" srcset=\"https:\/\/retns.ie\/principalsblog\/wp-content\/uploads\/sites\/8\/2016\/03\/20160315_112405-180x300.jpg 180w, https:\/\/retns.ie\/principalsblog\/wp-content\/uploads\/sites\/8\/2016\/03\/20160315_112405.jpg 480w\" sizes=\"(max-width: 180px) 100vw, 180px\" \/><\/a>\u00a0 \u00a0 \u00a0 \u00a0 \u00a0 \u00a0\u00a0<a href=\"http:\/\/retns.ie\/principalsblog\/wp-content\/uploads\/sites\/8\/2016\/03\/20160315_112432.jpg\" rel=\"attachment wp-att-508\"><img loading=\"lazy\" decoding=\"async\" class=\"alignnone size-medium wp-image-508\" src=\"http:\/\/retns.ie\/principalsblog\/wp-content\/uploads\/sites\/8\/2016\/03\/20160315_112432-180x300.jpg\" alt=\"20160315_112432\" width=\"180\" height=\"300\" \/><\/a><\/p>\n","protected":false},"excerpt":{"rendered":"<p>In conjunction with schools throughout Ireland we held our Proclamation Day and Flag Raising on March 15th. Our ceremony was a simple, student-led ceremony, during which the infants carried out flags of all the countries represented in our school community and fourth class students dressed as Irish people would have looked\u00a0a century ago. Our National [&hellip;]<\/p>\n","protected":false},"author":3,"featured_media":0,"comment_status":"open","ping_status":"open","sticky":false,"template":"","format":"standard","meta":{"_et_pb_use_builder":"","_et_pb_old_content":"","_et_gb_content_width":"","footnotes":""},"categories":[1],"tags":[],"class_list":["post-501","post","type-post","status-publish","format-standard","hentry","category-uncategorized"],"_links":{"self":[{"href":"https:\/\/retns.ie\/principalsblog\/wp-json\/wp\/v2\/posts\/501","targetHints":{"allow":["GET"]}}],"collection":[{"href":"https:\/\/retns.ie\/principalsblog\/wp-json\/wp\/v2\/posts"}],"about":[{"href":"https:\/\/retns.ie\/principalsblog\/wp-json\/wp\/v2\/types\/post"}],"author":[{"embeddable":true,"href":"https:\/\/retns.ie\/principalsblog\/wp-json\/wp\/v2\/users\/3"}],"replies":[{"embeddable":true,"href":"https:\/\/retns.ie\/principalsblog\/wp-json\/wp\/v2\/comments?post=501"}],"version-history":[{"count":0,"href":"https:\/\/retns.ie\/principalsblog\/wp-json\/wp\/v2\/posts\/501\/revisions"}],"wp:attachment":[{"href":"https:\/\/retns.ie\/principalsblog\/wp-json\/wp\/v2\/media?parent=501"}],"wp:term":[{"taxonomy":"category","embeddable":true,"href":"https:\/\/retns.ie\/principalsblog\/wp-json\/wp\/v2\/categories?post=501"},{"taxonomy":"post_tag","embeddable":true,"href":"https:\/\/retns.ie\/principalsblog\/wp-json\/wp\/v2\/tags?post=501"}],"curies":[{"name":"wp","href":"https:\/\/api.w.org\/{rel}","templated":true}]}}